{"id":7636,"date":"2023-10-18T21:00:37","date_gmt":"2023-10-18T19:00:37","guid":{"rendered":"https:\/\/ejtn.eu\/?p=7636"},"modified":"2023-10-30T11:13:24","modified_gmt":"2023-10-30T10:13:24","slug":"le-refj-organise-une-conference-des-directeurs-a-madrid-pour-aborder-la-question-de-la-diversite-dans-la-formation-judiciaire-et-adopte-un-plan-daction-sur-la-numerisation","status":"publish","type":"post","link":"https:\/\/ejtn.eu\/fr\/news\/le-refj-organise-une-conference-des-directeurs-a-madrid-pour-aborder-la-question-de-la-diversite-dans-la-formation-judiciaire-et-adopte-un-plan-daction-sur-la-numerisation\/","title":{"rendered":"Le REFJ organise une Conf\u00e9rence des directeurs \u00e0 Madrid pour aborder la question de la diversit\u00e9 dans la formation judiciaire et adopte un plan d&rsquo;action sur la num\u00e9risation"},"content":{"rendered":"","protected":false},"excerpt":{"rendered":"","protected":false},"author":26,"featured_media":7368,"comment_status":"closed","ping_status":"closed","sticky":false,"template":"","format":"standard","meta":{"_acf_changed":false,"footnotes":""},"categories":[116],"class_list":["post-7636","post","type-post","status-publish","format-standard","has-post-thumbnail","hentry","category-reunion"],"acf":[],"_links":{"self":[{"href":"https:\/\/ejtn.eu\/fr\/wp-json\/wp\/v2\/posts\/7636","targetHints":{"allow":["GET"]}}],"collection":[{"href":"https:\/\/ejtn.eu\/fr\/wp-json\/wp\/v2\/posts"}],"about":[{"href":"https:\/\/ejtn.eu\/fr\/wp-json\/wp\/v2\/types\/post"}],"author":[{"embeddable":true,"href":"https:\/\/ejtn.eu\/fr\/wp-json\/wp\/v2\/users\/26"}],"replies":[{"embeddable":true,"href":"https:\/\/ejtn.eu\/fr\/wp-json\/wp\/v2\/comments?post=7636"}],"version-history":[{"count":1,"href":"https:\/\/ejtn.eu\/fr\/wp-json\/wp\/v2\/posts\/7636\/revisions"}],"predecessor-version":[{"id":7637,"href":"https:\/\/ejtn.eu\/fr\/wp-json\/wp\/v2\/posts\/7636\/revisions\/7637"}],"wp:featuredmedia":[{"embeddable":true,"href":"https:\/\/ejtn.eu\/fr\/wp-json\/wp\/v2\/media\/7368"}],"wp:attachment":[{"href":"https:\/\/ejtn.eu\/fr\/wp-json\/wp\/v2\/media?parent=7636"}],"wp:term":[{"taxonomy":"category","embeddable":true,"href":"https:\/\/ejtn.eu\/fr\/wp-json\/wp\/v2\/categories?post=7636"}],"curies":[{"name":"wp","href":"https:\/\/api.w.org\/{rel}","templated":true}]}}