{"id":5764,"date":"2023-04-05T10:11:39","date_gmt":"2023-04-05T08:11:39","guid":{"rendered":"https:\/\/ejtn.eu\/news\/projet-balkans-occidentaux-ii-une-delegation-du-refj-se-rend-en-macedoine-du-nord-et-au-kosovo-pour-soutenir-la-formation-et-la-reforme-judiciaires\/"},"modified":"2023-06-22T15:39:11","modified_gmt":"2023-06-22T13:39:11","slug":"projet-balkans-occidentaux-ii-une-delegation-du-refj-se-rend-en-macedoine-du-nord-et-au-kosovo-pour-soutenir-la-formation-et-la-reforme-judiciaires","status":"publish","type":"post","link":"https:\/\/ejtn.eu\/fr\/news\/projet-balkans-occidentaux-ii-une-delegation-du-refj-se-rend-en-macedoine-du-nord-et-au-kosovo-pour-soutenir-la-formation-et-la-reforme-judiciaires\/","title":{"rendered":"Projet Balkans occidentaux II : Une d\u00e9l\u00e9gation du REFJ se rend en Mac\u00e9doine du Nord et au Kosovo pour soutenir la formation et la r\u00e9forme judiciaires"},"content":{"rendered":"","protected":false},"excerpt":{"rendered":"","protected":false},"author":26,"featured_media":5509,"comment_status":"closed","ping_status":"open","sticky":false,"template":"","format":"standard","meta":{"_acf_changed":false,"footnotes":""},"categories":[129],"class_list":["post-5764","post","type-post","status-publish","format-standard","has-post-thumbnail","hentry","category-news-generales"],"acf":[],"_links":{"self":[{"href":"https:\/\/ejtn.eu\/fr\/wp-json\/wp\/v2\/posts\/5764","targetHints":{"allow":["GET"]}}],"collection":[{"href":"https:\/\/ejtn.eu\/fr\/wp-json\/wp\/v2\/posts"}],"about":[{"href":"https:\/\/ejtn.eu\/fr\/wp-json\/wp\/v2\/types\/post"}],"author":[{"embeddable":true,"href":"https:\/\/ejtn.eu\/fr\/wp-json\/wp\/v2\/users\/26"}],"replies":[{"embeddable":true,"href":"https:\/\/ejtn.eu\/fr\/wp-json\/wp\/v2\/comments?post=5764"}],"version-history":[{"count":1,"href":"https:\/\/ejtn.eu\/fr\/wp-json\/wp\/v2\/posts\/5764\/revisions"}],"predecessor-version":[{"id":6146,"href":"https:\/\/ejtn.eu\/fr\/wp-json\/wp\/v2\/posts\/5764\/revisions\/6146"}],"wp:featuredmedia":[{"embeddable":true,"href":"https:\/\/ejtn.eu\/fr\/wp-json\/wp\/v2\/media\/5509"}],"wp:attachment":[{"href":"https:\/\/ejtn.eu\/fr\/wp-json\/wp\/v2\/media?parent=5764"}],"wp:term":[{"taxonomy":"category","embeddable":true,"href":"https:\/\/ejtn.eu\/fr\/wp-json\/wp\/v2\/categories?post=5764"}],"curies":[{"name":"wp","href":"https:\/\/api.w.org\/{rel}","templated":true}]}}