{"id":5727,"date":"2023-02-14T16:50:09","date_gmt":"2023-02-14T15:50:09","guid":{"rendered":"https:\/\/ejtn.eu\/news\/la-secretaire-generale-du-refj-rencontre-la-procureure-generale-de-lunion-europeenne-pour-explorer-les-possibilites-de-cooperation-entre-le-refj-et-leppo\/"},"modified":"2023-06-22T15:39:18","modified_gmt":"2023-06-22T13:39:18","slug":"la-secretaire-generale-du-refj-rencontre-la-procureure-generale-de-lunion-europeenne-pour-explorer-les-possibilites-de-cooperation-entre-le-refj-et-leppo","status":"publish","type":"post","link":"https:\/\/ejtn.eu\/fr\/news\/la-secretaire-generale-du-refj-rencontre-la-procureure-generale-de-lunion-europeenne-pour-explorer-les-possibilites-de-cooperation-entre-le-refj-et-leppo\/","title":{"rendered":"La Secr\u00e9taire g\u00e9n\u00e9rale du REFJ rencontre la Procureure g\u00e9n\u00e9rale de l&rsquo;Union europ\u00e9enne pour explorer les possibilit\u00e9s de coop\u00e9ration entre le REFJ et l&rsquo;EPPO"},"content":{"rendered":"","protected":false},"excerpt":{"rendered":"","protected":false},"author":26,"featured_media":5234,"comment_status":"closed","ping_status":"open","sticky":false,"template":"","format":"standard","meta":{"_acf_changed":false,"footnotes":""},"categories":[129],"class_list":["post-5727","post","type-post","status-publish","format-standard","has-post-thumbnail","hentry","category-news-generales"],"acf":[],"_links":{"self":[{"href":"https:\/\/ejtn.eu\/fr\/wp-json\/wp\/v2\/posts\/5727","targetHints":{"allow":["GET"]}}],"collection":[{"href":"https:\/\/ejtn.eu\/fr\/wp-json\/wp\/v2\/posts"}],"about":[{"href":"https:\/\/ejtn.eu\/fr\/wp-json\/wp\/v2\/types\/post"}],"author":[{"embeddable":true,"href":"https:\/\/ejtn.eu\/fr\/wp-json\/wp\/v2\/users\/26"}],"replies":[{"embeddable":true,"href":"https:\/\/ejtn.eu\/fr\/wp-json\/wp\/v2\/comments?post=5727"}],"version-history":[{"count":1,"href":"https:\/\/ejtn.eu\/fr\/wp-json\/wp\/v2\/posts\/5727\/revisions"}],"predecessor-version":[{"id":6163,"href":"https:\/\/ejtn.eu\/fr\/wp-json\/wp\/v2\/posts\/5727\/revisions\/6163"}],"wp:featuredmedia":[{"embeddable":true,"href":"https:\/\/ejtn.eu\/fr\/wp-json\/wp\/v2\/media\/5234"}],"wp:attachment":[{"href":"https:\/\/ejtn.eu\/fr\/wp-json\/wp\/v2\/media?parent=5727"}],"wp:term":[{"taxonomy":"category","embeddable":true,"href":"https:\/\/ejtn.eu\/fr\/wp-json\/wp\/v2\/categories?post=5727"}],"curies":[{"name":"wp","href":"https:\/\/api.w.org\/{rel}","templated":true}]}}