{"id":5050,"date":"2023-01-27T17:05:44","date_gmt":"2023-01-27T16:05:44","guid":{"rendered":"https:\/\/ejtn.eu\/news\/le-refj-lance-des-visites-officielles-dans-les-balkans-occidentaux-pour-soutenir-lintegration-a-lue-ainsi-que-la-formation-et-la-reforme-judiciaires\/"},"modified":"2023-06-22T15:39:20","modified_gmt":"2023-06-22T13:39:20","slug":"le-refj-lance-des-visites-officielles-dans-les-balkans-occidentaux-pour-soutenir-lintegration-a-lue-ainsi-que-la-formation-et-la-reforme-judiciaires","status":"publish","type":"post","link":"https:\/\/ejtn.eu\/fr\/news\/le-refj-lance-des-visites-officielles-dans-les-balkans-occidentaux-pour-soutenir-lintegration-a-lue-ainsi-que-la-formation-et-la-reforme-judiciaires\/","title":{"rendered":"Le REFJ lance des visites officielles dans les Balkans occidentaux pour soutenir l&rsquo;int\u00e9gration \u00e0 l&rsquo;UE, ainsi que la formation et la r\u00e9forme judiciaires."},"content":{"rendered":"","protected":false},"excerpt":{"rendered":"","protected":false},"author":26,"featured_media":5045,"comment_status":"closed","ping_status":"open","sticky":false,"template":"","format":"standard","meta":{"_acf_changed":false,"footnotes":""},"categories":[129],"class_list":["post-5050","post","type-post","status-publish","format-standard","has-post-thumbnail","hentry","category-news-generales"],"acf":[],"_links":{"self":[{"href":"https:\/\/ejtn.eu\/fr\/wp-json\/wp\/v2\/posts\/5050","targetHints":{"allow":["GET"]}}],"collection":[{"href":"https:\/\/ejtn.eu\/fr\/wp-json\/wp\/v2\/posts"}],"about":[{"href":"https:\/\/ejtn.eu\/fr\/wp-json\/wp\/v2\/types\/post"}],"author":[{"embeddable":true,"href":"https:\/\/ejtn.eu\/fr\/wp-json\/wp\/v2\/users\/26"}],"replies":[{"embeddable":true,"href":"https:\/\/ejtn.eu\/fr\/wp-json\/wp\/v2\/comments?post=5050"}],"version-history":[{"count":1,"href":"https:\/\/ejtn.eu\/fr\/wp-json\/wp\/v2\/posts\/5050\/revisions"}],"predecessor-version":[{"id":6166,"href":"https:\/\/ejtn.eu\/fr\/wp-json\/wp\/v2\/posts\/5050\/revisions\/6166"}],"wp:featuredmedia":[{"embeddable":true,"href":"https:\/\/ejtn.eu\/fr\/wp-json\/wp\/v2\/media\/5045"}],"wp:attachment":[{"href":"https:\/\/ejtn.eu\/fr\/wp-json\/wp\/v2\/media?parent=5050"}],"wp:term":[{"taxonomy":"category","embeddable":true,"href":"https:\/\/ejtn.eu\/fr\/wp-json\/wp\/v2\/categories?post=5050"}],"curies":[{"name":"wp","href":"https:\/\/api.w.org\/{rel}","templated":true}]}}