{"id":11578,"date":"2025-10-16T08:22:58","date_gmt":"2025-10-16T06:22:58","guid":{"rendered":"https:\/\/ejtn.eu\/?p=11578"},"modified":"2025-10-16T08:22:58","modified_gmt":"2025-10-16T06:22:58","slug":"le-refj-celebre-25-ans-de-formation-et-de-cooperation-judiciaires-2","status":"publish","type":"post","link":"https:\/\/ejtn.eu\/fr\/news\/le-refj-celebre-25-ans-de-formation-et-de-cooperation-judiciaires-2\/","title":{"rendered":"Le REFJ c\u00e9l\u00e8bre 25 ans de formation et de coop\u00e9ration judiciaires"},"content":{"rendered":"","protected":false},"excerpt":{"rendered":"","protected":false},"author":26,"featured_media":11569,"comment_status":"closed","ping_status":"closed","sticky":false,"template":"","format":"standard","meta":{"_acf_changed":false,"footnotes":""},"categories":[1],"class_list":["post-11578","post","type-post","status-publish","format-standard","has-post-thumbnail","hentry","category-non-classifiee"],"acf":[],"_links":{"self":[{"href":"https:\/\/ejtn.eu\/fr\/wp-json\/wp\/v2\/posts\/11578","targetHints":{"allow":["GET"]}}],"collection":[{"href":"https:\/\/ejtn.eu\/fr\/wp-json\/wp\/v2\/posts"}],"about":[{"href":"https:\/\/ejtn.eu\/fr\/wp-json\/wp\/v2\/types\/post"}],"author":[{"embeddable":true,"href":"https:\/\/ejtn.eu\/fr\/wp-json\/wp\/v2\/users\/26"}],"replies":[{"embeddable":true,"href":"https:\/\/ejtn.eu\/fr\/wp-json\/wp\/v2\/comments?post=11578"}],"version-history":[{"count":1,"href":"https:\/\/ejtn.eu\/fr\/wp-json\/wp\/v2\/posts\/11578\/revisions"}],"predecessor-version":[{"id":11579,"href":"https:\/\/ejtn.eu\/fr\/wp-json\/wp\/v2\/posts\/11578\/revisions\/11579"}],"wp:featuredmedia":[{"embeddable":true,"href":"https:\/\/ejtn.eu\/fr\/wp-json\/wp\/v2\/media\/11569"}],"wp:attachment":[{"href":"https:\/\/ejtn.eu\/fr\/wp-json\/wp\/v2\/media?parent=11578"}],"wp:term":[{"taxonomy":"category","embeddable":true,"href":"https:\/\/ejtn.eu\/fr\/wp-json\/wp\/v2\/categories?post=11578"}],"curies":[{"name":"wp","href":"https:\/\/api.w.org\/{rel}","templated":true}]}}